{"id":349042,"date":"2021-05-07T19:02:13","date_gmt":"2021-05-08T00:02:13","guid":{"rendered":"http:\/\/bubacomix.net\/?p=349042"},"modified":"2021-05-07T19:04:00","modified_gmt":"2021-05-08T00:04:00","slug":"la-historia","status":"publish","type":"post","link":"https:\/\/bubacomix.net\/?p=349042","title":{"rendered":"La historia"},"content":{"rendered":"\n<p>A lo largo de mi vida he repetido muchas veces la hist\u00f3rica frase: <em><strong>&#8220;La historia me absolver\u00e1&#8221;<\/strong><\/em>. Una sentencia ya cl\u00e1sica cuya sonoridad ha hecho eco en los rincones del mundo.<\/p>\n\n\n\n<p>Hace algunos d\u00edas, mientras dialogaba con <em>myself<\/em> en ese tono tan familiar en el que se permito responder a veces en voz alta, solt\u00e9 la simploner\u00eda: &#8220;Pero la historia me absorber\u00e1&#8221; Y sonre\u00ed pensando que era una buena puntada para utilizarla en una tira de <strong>Buba<\/strong>.<\/p>\n\n\n\n<p>En aqu\u00e9l punto me di cuenta de que, a pesar de repetirla como perico, desconoc\u00eda al autor de tal frase. Hasta entonces la hab\u00eda utilizado como uno de esos recursos ret\u00f3ricos o argumentales que se encuentran al alcance de la mano en alg\u00fan estante del supermercado del inconsciente colectivo.&nbsp;<\/p>\n\n\n\n<p>Y he aqu\u00ed que -hablando de inconsciente colectivo- durante alguna de mis navegaciones cotidianas en <strong>Twitter<\/strong> (que con frecuencia acaban en naufragio) encontr\u00e9 la respuesta en un tweet de <strong>Abraham Mendienta<\/strong>:&nbsp;<\/p>\n\n\n\n<blockquote class=\"wp-block-quote is-style-large is-layout-flow wp-block-quote-is-layout-flow\"><p>Mientras se absuelve a <strong>Lula<\/strong>, <strong>Jeanine A\u00f1ez<\/strong> anda escondi\u00e9ndose por sus cr\u00edmenes.<br>Ya lo dijo <strong>Fidel<\/strong>: &#8220;Juzgadme, no importa, la historia me absolver\u00e1&#8221;.<\/p><cite><strong>Abraham Mendieta<\/strong><\/cite><\/blockquote>\n\n\n\n<p>Y eso es todo. M\u00e1s claro ni el agua. Como si se tratara de una bola de cristal. El IQ colectivo puso en mi pantalla la respuesta que hac\u00eda falta para cumplir con mi tarea.&nbsp;<br>El responsable de <a href=\"https:\/\/web.archive.org\/web\/20071012230334\/http:\/\/www.granma.cubaweb.cu\/marti-moncada\/jm01.html\">la c\u00e9lebre frase<\/a> es -ahora lo s\u00e9- el famoso l\u00edder charro <strong>Fidel Vel\u00e1zquez<\/strong>.<\/p>\n","protected":false},"excerpt":{"rendered":"<p>A lo largo de mi vida he repetido muchas veces la hist\u00f3rica frase: &#8220;La historia me absolver\u00e1&#8221;. Una sentencia ya cl\u00e1sica cuya sonoridad ha hecho eco en los rincones del mundo. Hace algunos d\u00edas, mientras dialogaba con myself en ese tono tan familiar en el&#8230;<\/p>\n","protected":false},"author":2,"featured_media":349043,"comment_status":"open","ping_status":"open","sticky":false,"template":"","format":"standard","meta":{"footnotes":""},"categories":[339,67,318],"tags":[325,97],"class_list":["post-349042","post","type-post","status-publish","format-standard","has-post-thumbnail","hentry","category-frases-celebres","category-media-plana","category-technicolor","tag-humor-historico","tag-humor-simplon"],"_links":{"self":[{"href":"https:\/\/bubacomix.net\/index.php?rest_route=\/wp\/v2\/posts\/349042","targetHints":{"allow":["GET"]}}],"collection":[{"href":"https:\/\/bubacomix.net\/index.php?rest_route=\/wp\/v2\/posts"}],"about":[{"href":"https:\/\/bubacomix.net\/index.php?rest_route=\/wp\/v2\/types\/post"}],"author":[{"embeddable":true,"href":"https:\/\/bubacomix.net\/index.php?rest_route=\/wp\/v2\/users\/2"}],"replies":[{"embeddable":true,"href":"https:\/\/bubacomix.net\/index.php?rest_route=%2Fwp%2Fv2%2Fcomments&post=349042"}],"version-history":[{"count":6,"href":"https:\/\/bubacomix.net\/index.php?rest_route=\/wp\/v2\/posts\/349042\/revisions"}],"predecessor-version":[{"id":349049,"href":"https:\/\/bubacomix.net\/index.php?rest_route=\/wp\/v2\/posts\/349042\/revisions\/349049"}],"wp:featuredmedia":[{"embeddable":true,"href":"https:\/\/bubacomix.net\/index.php?rest_route=\/wp\/v2\/media\/349043"}],"wp:attachment":[{"href":"https:\/\/bubacomix.net\/index.php?rest_route=%2Fwp%2Fv2%2Fmedia&parent=349042"}],"wp:term":[{"taxonomy":"category","embeddable":true,"href":"https:\/\/bubacomix.net\/index.php?rest_route=%2Fwp%2Fv2%2Fcategories&post=349042"},{"taxonomy":"post_tag","embeddable":true,"href":"https:\/\/bubacomix.net\/index.php?rest_route=%2Fwp%2Fv2%2Ftags&post=349042"}],"curies":[{"name":"wp","href":"https:\/\/api.w.org\/{rel}","templated":true}]}}