{"id":349019,"date":"2019-04-30T23:47:14","date_gmt":"2019-05-01T04:47:14","guid":{"rendered":"http:\/\/bubacomix.net\/?p=349019"},"modified":"2019-04-30T23:47:18","modified_gmt":"2019-05-01T04:47:18","slug":"en-coma","status":"publish","type":"post","link":"https:\/\/bubacomix.net\/?p=349019","title":{"rendered":"En coma"},"content":{"rendered":"\n<p class=\"has-background has-very-light-gray-background-color\">El primer c\u00f3mix de 2019 (elaborado a solicitud de la <strong>Revista Universitaria<\/strong> de la <strong>UAEM<\/strong>) se bas\u00f3 en uno de los tantos versos garabateados a manera de apunte en el <em>bonche<\/em> de hojas sueltas, apenas contenidas por un folder de papel manila. El verso me parece notable por el correcto manejo idiom\u00e1tico y la simp\u00e1tica convivencia de tres layers de significados -el de la medicina, el de la sintaxis y el de la gr\u00e1fica- que coexisten y se potencian&nbsp; de manera solventemente cotorra.&nbsp;<\/p>\n\n\n\n<p>El dibujo fue bocetado y entintado sobre papel, lo que me permite -y me permiti\u00f3 hist\u00f3ricamente- armonizar mucho mejor los elementos (dibujo, dise\u00f1o, diagramaci\u00f3n <em>and so on and so on and so on<\/em>, como dir\u00eda el mam\u00f3n de Zizek).<\/p>\n\n\n\n<p>Durante su elaboraci\u00f3n (la del c\u00f3mix, no la de usted, quien merece todo mi respeto) record\u00e9 vivamente el feeling de aquellas historietas realizadas para La Mosca en el periodo 2003 y 2005 en el interior de un departamento en la Del Valle. Aquellos d\u00edas en que era feliz y no lo sab\u00eda. De esas veces que pisas el para\u00edso y ni siquiera lo sabes porque desconoces la experiencia de estar lejos del para\u00edso.<br><\/p>\n","protected":false},"excerpt":{"rendered":"<p>El primer c\u00f3mix de 2019 (elaborado a solicitud de la Revista Universitaria de la UAEM) se bas\u00f3 en uno de los tantos versos garabateados a manera de apunte en el bonche de hojas sueltas, apenas contenidas por un folder de papel manila. El verso me&#8230;<\/p>\n","protected":false},"author":2,"featured_media":349017,"comment_status":"open","ping_status":"open","sticky":false,"template":"","format":"standard","meta":{"footnotes":""},"categories":[338,68,71],"tags":[323,324],"class_list":["post-349019","post","type-post","status-publish","format-standard","has-post-thumbnail","hentry","category-carton","category-comix","category-ilustropoesia","tag-versos-en-la-boca","tag-yo-no-naci-para-amar"],"_links":{"self":[{"href":"https:\/\/bubacomix.net\/index.php?rest_route=\/wp\/v2\/posts\/349019","targetHints":{"allow":["GET"]}}],"collection":[{"href":"https:\/\/bubacomix.net\/index.php?rest_route=\/wp\/v2\/posts"}],"about":[{"href":"https:\/\/bubacomix.net\/index.php?rest_route=\/wp\/v2\/types\/post"}],"author":[{"embeddable":true,"href":"https:\/\/bubacomix.net\/index.php?rest_route=\/wp\/v2\/users\/2"}],"replies":[{"embeddable":true,"href":"https:\/\/bubacomix.net\/index.php?rest_route=%2Fwp%2Fv2%2Fcomments&post=349019"}],"version-history":[{"count":1,"href":"https:\/\/bubacomix.net\/index.php?rest_route=\/wp\/v2\/posts\/349019\/revisions"}],"predecessor-version":[{"id":349020,"href":"https:\/\/bubacomix.net\/index.php?rest_route=\/wp\/v2\/posts\/349019\/revisions\/349020"}],"wp:featuredmedia":[{"embeddable":true,"href":"https:\/\/bubacomix.net\/index.php?rest_route=\/wp\/v2\/media\/349017"}],"wp:attachment":[{"href":"https:\/\/bubacomix.net\/index.php?rest_route=%2Fwp%2Fv2%2Fmedia&parent=349019"}],"wp:term":[{"taxonomy":"category","embeddable":true,"href":"https:\/\/bubacomix.net\/index.php?rest_route=%2Fwp%2Fv2%2Fcategories&post=349019"},{"taxonomy":"post_tag","embeddable":true,"href":"https:\/\/bubacomix.net\/index.php?rest_route=%2Fwp%2Fv2%2Ftags&post=349019"}],"curies":[{"name":"wp","href":"https:\/\/api.w.org\/{rel}","templated":true}]}}