{"id":348964,"date":"2017-08-09T03:31:16","date_gmt":"2017-08-09T08:31:16","guid":{"rendered":"http:\/\/bubacomix.net\/?p=348964"},"modified":"2017-08-09T14:40:36","modified_gmt":"2017-08-09T19:40:36","slug":"piropos-1","status":"publish","type":"post","link":"https:\/\/bubacomix.net\/?p=348964","title":{"rendered":"Piropos 1"},"content":{"rendered":"<p><em>De m\u00fasico, poeta y loco todos tenemos un poco<\/em>, se suele decir a la menor provocaci\u00f3n. Yo agregar\u00eda que algunos tenemos tambi\u00e9n algo de alba\u00f1il: resabios de animal arcaico y sical\u00edptico, resonancias de obsenidad verbal e incontinencia copulatoria.<br \/>\nSer\u00e1 el sereno, pero prefiero mil veces esa expresi\u00f3n de asumida vulgaridad (esa dignidad premoderna) a la deshonesta e hip\u00f3crita correcci\u00f3n pol\u00edtica. Pocas cosas me parecen tan execrables como las expresiones de falso y delirante multiculturalismo cuya agenda hemos abrazado cual perros polic\u00eda <em>pro bono<\/em>.<br \/>\nSea de ello lo que fuere y <em>haiga sido como haiga sido<\/em>, dejo constancia de esa ternura de artesano de la construcci\u00f3n devenido en arquitecto de met\u00e1foras lascivas, es decir: de <strong>alba\u00f1il en celo<\/strong>.<\/p>\n","protected":false},"excerpt":{"rendered":"<p>De m\u00fasico, poeta y loco todos tenemos un poco, se suele decir a la menor provocaci\u00f3n. Yo agregar\u00eda que algunos tenemos tambi\u00e9n algo de alba\u00f1il: resabios de animal arcaico y sical\u00edptico, resonancias de obsenidad verbal e incontinencia copulatoria. Ser\u00e1 el sereno, pero prefiero mil veces&#8230;<\/p>\n","protected":false},"author":2,"featured_media":348965,"comment_status":"open","ping_status":"open","sticky":false,"template":"","format":"standard","meta":{"footnotes":""},"categories":[68,71,67],"tags":[97,321,323],"class_list":["post-348964","post","type-post","status-publish","format-standard","has-post-thumbnail","hentry","category-comix","category-ilustropoesia","category-media-plana","tag-humor-simplon","tag-picardia-bubesca","tag-versos-en-la-boca"],"_links":{"self":[{"href":"https:\/\/bubacomix.net\/index.php?rest_route=\/wp\/v2\/posts\/348964","targetHints":{"allow":["GET"]}}],"collection":[{"href":"https:\/\/bubacomix.net\/index.php?rest_route=\/wp\/v2\/posts"}],"about":[{"href":"https:\/\/bubacomix.net\/index.php?rest_route=\/wp\/v2\/types\/post"}],"author":[{"embeddable":true,"href":"https:\/\/bubacomix.net\/index.php?rest_route=\/wp\/v2\/users\/2"}],"replies":[{"embeddable":true,"href":"https:\/\/bubacomix.net\/index.php?rest_route=%2Fwp%2Fv2%2Fcomments&post=348964"}],"version-history":[{"count":4,"href":"https:\/\/bubacomix.net\/index.php?rest_route=\/wp\/v2\/posts\/348964\/revisions"}],"predecessor-version":[{"id":348969,"href":"https:\/\/bubacomix.net\/index.php?rest_route=\/wp\/v2\/posts\/348964\/revisions\/348969"}],"wp:featuredmedia":[{"embeddable":true,"href":"https:\/\/bubacomix.net\/index.php?rest_route=\/wp\/v2\/media\/348965"}],"wp:attachment":[{"href":"https:\/\/bubacomix.net\/index.php?rest_route=%2Fwp%2Fv2%2Fmedia&parent=348964"}],"wp:term":[{"taxonomy":"category","embeddable":true,"href":"https:\/\/bubacomix.net\/index.php?rest_route=%2Fwp%2Fv2%2Fcategories&post=348964"},{"taxonomy":"post_tag","embeddable":true,"href":"https:\/\/bubacomix.net\/index.php?rest_route=%2Fwp%2Fv2%2Ftags&post=348964"}],"curies":[{"name":"wp","href":"https:\/\/api.w.org\/{rel}","templated":true}]}}