{"id":348960,"date":"2017-08-09T03:22:47","date_gmt":"2017-08-09T08:22:47","guid":{"rendered":"http:\/\/bubacomix.net\/?p=348960"},"modified":"2017-08-09T03:22:47","modified_gmt":"2017-08-09T08:22:47","slug":"arrear-olas-y-mareas","status":"publish","type":"post","link":"https:\/\/bubacomix.net\/?p=348960","title":{"rendered":"Arrear olas y mareas"},"content":{"rendered":"<p>Pongo a su consideraci\u00f3n esta tira absurda, surrealista y -si ustedes me apuran- hasta po\u00e9tica que se me ocurri\u00f3 reci\u00e9n abiertos mis negros ojitos (\u00bfhay algo en m\u00ed que no sea negro? Pregunto), cuando ven\u00eda regresando a la realidad de esa otra realidad que es la realidad on\u00edrica.<br \/>\nA veces soy de una profundidad exasperantemente simplona.<\/p>\n<p><a href=\"https:\/\/bubacomix.net\/wp-content\/uploads\/2017\/08\/Arrear-olas-y-mareas-BOCETO-GOEB.jpg\"><img loading=\"lazy\" decoding=\"async\" class=\"alignnone size-large wp-image-348962\" src=\"https:\/\/bubacomix.net\/wp-content\/uploads\/2017\/08\/Arrear-olas-y-mareas-BOCETO-GOEB-1024x386.jpg\" alt=\"\" width=\"1024\" height=\"386\" srcset=\"https:\/\/bubacomix.net\/wp-content\/uploads\/2017\/08\/Arrear-olas-y-mareas-BOCETO-GOEB-1024x386.jpg 1024w, https:\/\/bubacomix.net\/wp-content\/uploads\/2017\/08\/Arrear-olas-y-mareas-BOCETO-GOEB-300x113.jpg 300w, https:\/\/bubacomix.net\/wp-content\/uploads\/2017\/08\/Arrear-olas-y-mareas-BOCETO-GOEB-768x290.jpg 768w, https:\/\/bubacomix.net\/wp-content\/uploads\/2017\/08\/Arrear-olas-y-mareas-BOCETO-GOEB-700x264.jpg 700w, https:\/\/bubacomix.net\/wp-content\/uploads\/2017\/08\/Arrear-olas-y-mareas-BOCETO-GOEB.jpg 1230w\" sizes=\"auto, (max-width: 1024px) 100vw, 1024px\" \/><\/a><\/p>\n","protected":false},"excerpt":{"rendered":"<p>Pongo a su consideraci\u00f3n esta tira absurda, surrealista y -si ustedes me apuran- hasta po\u00e9tica que se me ocurri\u00f3 reci\u00e9n abiertos mis negros ojitos (\u00bfhay algo en m\u00ed que no sea negro? Pregunto), cuando ven\u00eda regresando a la realidad de esa otra realidad que es&#8230;<\/p>\n","protected":false},"author":2,"featured_media":348961,"comment_status":"open","ping_status":"open","sticky":false,"template":"","format":"standard","meta":{"footnotes":""},"categories":[68,85,318],"tags":[328],"class_list":["post-348960","post","type-post","status-publish","format-standard","has-post-thumbnail","hentry","category-comix","category-comix-strip","category-technicolor","tag-surrealismo-al-mojo-de-ajo"],"_links":{"self":[{"href":"https:\/\/bubacomix.net\/index.php?rest_route=\/wp\/v2\/posts\/348960","targetHints":{"allow":["GET"]}}],"collection":[{"href":"https:\/\/bubacomix.net\/index.php?rest_route=\/wp\/v2\/posts"}],"about":[{"href":"https:\/\/bubacomix.net\/index.php?rest_route=\/wp\/v2\/types\/post"}],"author":[{"embeddable":true,"href":"https:\/\/bubacomix.net\/index.php?rest_route=\/wp\/v2\/users\/2"}],"replies":[{"embeddable":true,"href":"https:\/\/bubacomix.net\/index.php?rest_route=%2Fwp%2Fv2%2Fcomments&post=348960"}],"version-history":[{"count":1,"href":"https:\/\/bubacomix.net\/index.php?rest_route=\/wp\/v2\/posts\/348960\/revisions"}],"predecessor-version":[{"id":348963,"href":"https:\/\/bubacomix.net\/index.php?rest_route=\/wp\/v2\/posts\/348960\/revisions\/348963"}],"wp:featuredmedia":[{"embeddable":true,"href":"https:\/\/bubacomix.net\/index.php?rest_route=\/wp\/v2\/media\/348961"}],"wp:attachment":[{"href":"https:\/\/bubacomix.net\/index.php?rest_route=%2Fwp%2Fv2%2Fmedia&parent=348960"}],"wp:term":[{"taxonomy":"category","embeddable":true,"href":"https:\/\/bubacomix.net\/index.php?rest_route=%2Fwp%2Fv2%2Fcategories&post=348960"},{"taxonomy":"post_tag","embeddable":true,"href":"https:\/\/bubacomix.net\/index.php?rest_route=%2Fwp%2Fv2%2Ftags&post=348960"}],"curies":[{"name":"wp","href":"https:\/\/api.w.org\/{rel}","templated":true}]}}