{"id":348897,"date":"2017-06-21T05:27:51","date_gmt":"2017-06-21T10:27:51","guid":{"rendered":"http:\/\/bubacomix.net\/?p=348897"},"modified":"2017-06-23T15:43:00","modified_gmt":"2017-06-23T20:43:00","slug":"la-noche-descarnada","status":"publish","type":"post","link":"https:\/\/bubacomix.net\/?p=348897","title":{"rendered":"La noche descarnada"},"content":{"rendered":"<p>El tema de este c\u00f3mix es -evidentemente- el insomnio, o al menos ese espacio m\u00e1s o menos aduanal y m\u00e1s o menos tortuoso que nos separa del sue\u00f1o. Desde la adolescencia padezco intermitentemente del flagelo en comento (el sue\u00f1o inalcanzado: los brotes de culpa y frustraci\u00f3n manifiestos justo antes de hacer los honores a <strong>Morfeo<\/strong>) y esas temporadas de animal insomne suelen ser brutalmente desgastantes tanto f\u00edsica como mentalmente\u2026 pero estoy aqu\u00ed para hablar de este c\u00f3mix y no de mis deficiencias on\u00edricas, as\u00ed que vuelvo al redil.<br \/>\nA media faena po\u00e9tica me di cuenta de que ya hab\u00eda acometido un verso indecentemente similar hace 10 a\u00f1os en <a href=\"http:\/\/planetabuba.net\/libros\/volumen-2\/#fb0=83\"><strong>&#8220;La noche me abrazaba\u2026&#8221;<\/strong><\/a>; Un poema que no s\u00f3lo repite tema y tratamiento (la noche como un ser que te envuelve amenazantemente pero que termina siendo como un \u00fatero maternal), sino que guarda el mismo andamiaje r\u00edtmico (versos de 11 s\u00edlabas repetidos <em>ad nauseam<\/em>); a resultas de lo cual este nuevo <em>ilustro poema<\/em> da fe del car\u00e1cter lamentablemente c\u00edclico de mis noches y madrugadas en vela.<br \/>\nDe modo y manera que ac\u00e1 sigo (ya ni la chingo) naufragando en el mar de la noche, tratando afanosamente de alcanzar la orilla de la madrugada.<\/p>\n\n\t\t<style type=\"text\/css\">\n\t\t\t#gallery-1 {\n\t\t\t\tmargin: auto;\n\t\t\t}\n\t\t\t#gallery-1 .gallery-item {\n\t\t\t\tfloat: left;\n\t\t\t\tmargin-top: 10px;\n\t\t\t\ttext-align: center;\n\t\t\t\twidth: 100%;\n\t\t\t}\n\t\t\t#gallery-1 img {\n\t\t\t\tborder: 2px solid #cfcfcf;\n\t\t\t}\n\t\t\t#gallery-1 .gallery-caption {\n\t\t\t\tmargin-left: 0;\n\t\t\t}\n\t\t\t\/* see gallery_shortcode() in wp-includes\/media.php *\/\n\t\t<\/style>\n\t\t<div id='gallery-1' class='gallery galleryid-348897 gallery-columns-1 gallery-size-large'><dl class='gallery-item'>\n\t\t\t<dt class='gallery-icon landscape'>\n\t\t\t\t<a href='https:\/\/bubacomix.net\/?attachment_id=348899'><img loading=\"lazy\" decoding=\"async\" width=\"1017\" height=\"797\" src=\"https:\/\/bubacomix.net\/wp-content\/uploads\/2017\/06\/31_La-Noche-preboceto-GOEB.jpg\" class=\"attachment-large size-large\" alt=\"\" aria-describedby=\"gallery-1-348899\" srcset=\"https:\/\/bubacomix.net\/wp-content\/uploads\/2017\/06\/31_La-Noche-preboceto-GOEB.jpg 1017w, https:\/\/bubacomix.net\/wp-content\/uploads\/2017\/06\/31_La-Noche-preboceto-GOEB-300x235.jpg 300w, https:\/\/bubacomix.net\/wp-content\/uploads\/2017\/06\/31_La-Noche-preboceto-GOEB-768x602.jpg 768w, https:\/\/bubacomix.net\/wp-content\/uploads\/2017\/06\/31_La-Noche-preboceto-GOEB-700x549.jpg 700w\" sizes=\"auto, (max-width: 1017px) 100vw, 1017px\" \/><\/a>\n\t\t\t<\/dt>\n\t\t\t\t<dd class='wp-caption-text gallery-caption' id='gallery-1-348899'>\n\t\t\t\tLe preboceto\n\t\t\t\t<\/dd><\/dl><br style=\"clear: both\" \/><dl class='gallery-item'>\n\t\t\t<dt class='gallery-icon landscape'>\n\t\t\t\t<a href='https:\/\/bubacomix.net\/?attachment_id=348900'><img loading=\"lazy\" decoding=\"async\" width=\"1017\" height=\"797\" src=\"https:\/\/bubacomix.net\/wp-content\/uploads\/2017\/06\/31_La-Noche-boceto-GOEB.jpg\" class=\"attachment-large size-large\" alt=\"\" aria-describedby=\"gallery-1-348900\" srcset=\"https:\/\/bubacomix.net\/wp-content\/uploads\/2017\/06\/31_La-Noche-boceto-GOEB.jpg 1017w, https:\/\/bubacomix.net\/wp-content\/uploads\/2017\/06\/31_La-Noche-boceto-GOEB-300x235.jpg 300w, https:\/\/bubacomix.net\/wp-content\/uploads\/2017\/06\/31_La-Noche-boceto-GOEB-768x602.jpg 768w, https:\/\/bubacomix.net\/wp-content\/uploads\/2017\/06\/31_La-Noche-boceto-GOEB-700x549.jpg 700w\" sizes=\"auto, (max-width: 1017px) 100vw, 1017px\" \/><\/a>\n\t\t\t<\/dt>\n\t\t\t\t<dd class='wp-caption-text gallery-caption' id='gallery-1-348900'>\n\t\t\t\tLe boceto\n\t\t\t\t<\/dd><\/dl><br style=\"clear: both\" \/>\n\t\t<\/div>\n\n","protected":false},"excerpt":{"rendered":"<p>El tema de este c\u00f3mix es -evidentemente- el insomnio, o al menos ese espacio m\u00e1s o menos aduanal y m\u00e1s o menos tortuoso que nos separa del sue\u00f1o. Desde la adolescencia padezco intermitentemente del flagelo en comento (el sue\u00f1o inalcanzado: los brotes de culpa y&#8230;<\/p>\n","protected":false},"author":2,"featured_media":348904,"comment_status":"open","ping_status":"open","sticky":false,"template":"","format":"standard","meta":{"footnotes":""},"categories":[68,71,67,318],"tags":[326],"class_list":["post-348897","post","type-post","status-publish","format-standard","has-post-thumbnail","hentry","category-comix","category-ilustropoesia","category-media-plana","category-technicolor","tag-humor-falosofico"],"_links":{"self":[{"href":"https:\/\/bubacomix.net\/index.php?rest_route=\/wp\/v2\/posts\/348897","targetHints":{"allow":["GET"]}}],"collection":[{"href":"https:\/\/bubacomix.net\/index.php?rest_route=\/wp\/v2\/posts"}],"about":[{"href":"https:\/\/bubacomix.net\/index.php?rest_route=\/wp\/v2\/types\/post"}],"author":[{"embeddable":true,"href":"https:\/\/bubacomix.net\/index.php?rest_route=\/wp\/v2\/users\/2"}],"replies":[{"embeddable":true,"href":"https:\/\/bubacomix.net\/index.php?rest_route=%2Fwp%2Fv2%2Fcomments&post=348897"}],"version-history":[{"count":6,"href":"https:\/\/bubacomix.net\/index.php?rest_route=\/wp\/v2\/posts\/348897\/revisions"}],"predecessor-version":[{"id":348907,"href":"https:\/\/bubacomix.net\/index.php?rest_route=\/wp\/v2\/posts\/348897\/revisions\/348907"}],"wp:featuredmedia":[{"embeddable":true,"href":"https:\/\/bubacomix.net\/index.php?rest_route=\/wp\/v2\/media\/348904"}],"wp:attachment":[{"href":"https:\/\/bubacomix.net\/index.php?rest_route=%2Fwp%2Fv2%2Fmedia&parent=348897"}],"wp:term":[{"taxonomy":"category","embeddable":true,"href":"https:\/\/bubacomix.net\/index.php?rest_route=%2Fwp%2Fv2%2Fcategories&post=348897"},{"taxonomy":"post_tag","embeddable":true,"href":"https:\/\/bubacomix.net\/index.php?rest_route=%2Fwp%2Fv2%2Ftags&post=348897"}],"curies":[{"name":"wp","href":"https:\/\/api.w.org\/{rel}","templated":true}]}}