{"id":348805,"date":"2016-12-06T20:32:36","date_gmt":"2016-12-07T01:32:36","guid":{"rendered":"http:\/\/bubacomix.net\/?p=348805"},"modified":"2016-12-06T20:32:36","modified_gmt":"2016-12-07T01:32:36","slug":"el-feo","status":"publish","type":"post","link":"https:\/\/bubacomix.net\/?p=348805","title":{"rendered":"El Feo"},"content":{"rendered":"<p>\u00bfC\u00f3mic mata <em>carita<\/em>? Han pasado ya veinte a\u00f1os desde que me hice ese planteamiento existencial y a\u00fan no puedo encontrar la respuesta.<br \/>\nLa frase <em>nietzscheana<\/em> que da pie a esta tragic\u00f3mica tira qued\u00f3 tatuada en mi corteza cerebral desde la primer lectura del <strong>Zaratustra<\/strong>. He comentado repetidas veces que ese libro ha sido una especie de Biblia para m\u00ed, no en un sentido sagrado sino en tanto contenedor de conocimiento profundo capaz de arrojar luz a preguntas puntuales formuladas en distintos momentos de mi vida.<br \/>\nNietzsche\/Zaratustra es el profeta que aborda cada aspecto de la vida con conocimiento de causa: habla de El Superhombre con la estent\u00f3rea voz del rayo que ciega la mirada. Habla de romper con las viejas tablas construyendo para s\u00ed las tablas nuevas. Habla de la locura desde su condici\u00f3n de l\u00facido demente y habla del amor -\u00bfo del desamor?- desde su coraz\u00f3n roto de hombre feo (al menos para los est\u00e1ndares de <a href=\"https:\/\/es.wikipedia.org\/wiki\/Lou_Andreas-Salom%C3%A9\">Lou Von Salom\u00e9<\/a> -ingrata p\u00e9rfida, rom\u00e1ntica insoluta- quien me lo mantuvo a raya en la <em>friendzone<\/em>).<\/p>\n<p><strong>Nota editorial:<\/strong> El contenido de esta tira es enteramente ficticio. El autor no se considera feo sino todo lo contrario y su intenci\u00f3n con esta obra no es aludir a s\u00ed mismo, sino crear lazos de empat\u00eda con aquellos varones nacidos bajo el tr\u00e1gico signo de lo est\u00e9ticamente repelente.<\/p>\n<div id=\"attachment_348804\" style=\"width: 1034px\" class=\"wp-caption alignnone\"><a href=\"https:\/\/bubacomix.net\/wp-content\/uploads\/2016\/12\/24_El-feoBN-web.jpg\"><img loading=\"lazy\" decoding=\"async\" aria-describedby=\"caption-attachment-348804\" class=\"wp-image-348804 size-large\" src=\"https:\/\/bubacomix.net\/wp-content\/uploads\/2016\/12\/24_El-feoBN-web-1024x404.jpg\" alt=\"El Feo B&amp;N\" width=\"1024\" height=\"404\" srcset=\"https:\/\/bubacomix.net\/wp-content\/uploads\/2016\/12\/24_El-feoBN-web-1024x404.jpg 1024w, https:\/\/bubacomix.net\/wp-content\/uploads\/2016\/12\/24_El-feoBN-web-300x118.jpg 300w, https:\/\/bubacomix.net\/wp-content\/uploads\/2016\/12\/24_El-feoBN-web-768x303.jpg 768w, https:\/\/bubacomix.net\/wp-content\/uploads\/2016\/12\/24_El-feoBN-web-600x237.jpg 600w, https:\/\/bubacomix.net\/wp-content\/uploads\/2016\/12\/24_El-feoBN-web-700x276.jpg 700w, https:\/\/bubacomix.net\/wp-content\/uploads\/2016\/12\/24_El-feoBN-web.jpg 1100w\" sizes=\"auto, (max-width: 1024px) 100vw, 1024px\" \/><\/a><p id=\"caption-attachment-348804\" class=\"wp-caption-text\">&#8220;El Feo&#8221; en versi\u00f3n para dalt\u00f3nicos<\/p><\/div>\n","protected":false},"excerpt":{"rendered":"<p>\u00bfC\u00f3mic mata carita? Han pasado ya veinte a\u00f1os desde que me hice ese planteamiento existencial y a\u00fan no puedo encontrar la respuesta. La frase nietzscheana que da pie a esta tragic\u00f3mica tira qued\u00f3 tatuada en mi corteza cerebral desde la primer lectura del Zaratustra. He&#8230;<\/p>\n","protected":false},"author":2,"featured_media":348803,"comment_status":"open","ping_status":"open","sticky":false,"template":"","format":"standard","meta":{"footnotes":""},"categories":[85,318],"tags":[326,97],"class_list":["post-348805","post","type-post","status-publish","format-standard","has-post-thumbnail","hentry","category-comix-strip","category-technicolor","tag-humor-falosofico","tag-humor-simplon"],"_links":{"self":[{"href":"https:\/\/bubacomix.net\/index.php?rest_route=\/wp\/v2\/posts\/348805","targetHints":{"allow":["GET"]}}],"collection":[{"href":"https:\/\/bubacomix.net\/index.php?rest_route=\/wp\/v2\/posts"}],"about":[{"href":"https:\/\/bubacomix.net\/index.php?rest_route=\/wp\/v2\/types\/post"}],"author":[{"embeddable":true,"href":"https:\/\/bubacomix.net\/index.php?rest_route=\/wp\/v2\/users\/2"}],"replies":[{"embeddable":true,"href":"https:\/\/bubacomix.net\/index.php?rest_route=%2Fwp%2Fv2%2Fcomments&post=348805"}],"version-history":[{"count":1,"href":"https:\/\/bubacomix.net\/index.php?rest_route=\/wp\/v2\/posts\/348805\/revisions"}],"predecessor-version":[{"id":348806,"href":"https:\/\/bubacomix.net\/index.php?rest_route=\/wp\/v2\/posts\/348805\/revisions\/348806"}],"wp:featuredmedia":[{"embeddable":true,"href":"https:\/\/bubacomix.net\/index.php?rest_route=\/wp\/v2\/media\/348803"}],"wp:attachment":[{"href":"https:\/\/bubacomix.net\/index.php?rest_route=%2Fwp%2Fv2%2Fmedia&parent=348805"}],"wp:term":[{"taxonomy":"category","embeddable":true,"href":"https:\/\/bubacomix.net\/index.php?rest_route=%2Fwp%2Fv2%2Fcategories&post=348805"},{"taxonomy":"post_tag","embeddable":true,"href":"https:\/\/bubacomix.net\/index.php?rest_route=%2Fwp%2Fv2%2Ftags&post=348805"}],"curies":[{"name":"wp","href":"https:\/\/api.w.org\/{rel}","templated":true}]}}