{"id":348761,"date":"2016-08-25T15:04:40","date_gmt":"2016-08-25T20:04:40","guid":{"rendered":"http:\/\/bubacomix.net\/?p=348761"},"modified":"2016-08-30T21:54:27","modified_gmt":"2016-08-31T02:54:27","slug":"buba-la-marginal","status":"publish","type":"post","link":"https:\/\/bubacomix.net\/?p=348761","title":{"rendered":"Buba la marginal"},"content":{"rendered":"<p>Desde que regres\u00e9 a mi realidad (de eso har\u00e1n ya seis meses) he pensado insistentemente en mi condici\u00f3n de autor marginal. El t\u00e9rmino <em>marginal<\/em> no tiene ninguna connotaci\u00f3n peyorativa para m\u00ed, pues considero saludable mantenerme <strong>al margen del r\u00edo de mierda<\/strong> que se arrastra diariamente con rumbo al mar. Yo tambi\u00e9n me encamino en esa direcci\u00f3n, pero intento llegar por aguas menos turbias y pestilentes para acompa\u00f1ar mi viaje con peces dorados y no esquivando peces-caca.<br \/>\nLo cierto es que no dejo de sentir el rigor de esta condici\u00f3n m\u00e1s o menos solitaria y no es infrecuente que pese en el \u00e1nimo de mi \u00e1nima. Habr\u00e1 quien piense (ahora que est\u00e1 tan de moda no pensar) que tales reflexiones son in\u00fatiles y ociosas, pero no es as\u00ed. Tanto el planteamiento descolonial de <strong>Grosfogel<\/strong> como la tesis sobre la hegemon\u00eda de <strong>Gramsci<\/strong> han iluminado mis reflexiones y las han limpiado de alguna explicaci\u00f3n superficial que atribuya equ\u00edvocamente mi <em>ser<\/em> marginal a una cuesti\u00f3n de car\u00e1cter o de estilo personal. <strong>No soy anti social, simplemente <em>soy de rancho<\/em>.<\/strong><br \/>\nPienso, pues, en mi limitado radio de acci\u00f3n, en la baja o nula viralidad de mi obra, en la precariedad contextual, en la marginalidad estad\u00edstica de mis lectores, en las aristas discursivas y mi negativa absoluta en entibiarlas, en mi fundada desconfianza en las instituciones caducas y corruptas, en mi <em>fundad\u00edsima<\/em> desconfianza en los supuestos proyectos progresistas autonombrados independientes o de izquierda&#8230; y todo esto lo pienso (como no podr\u00eda ser de otro modo) desde la marginalidad.<\/p>\n","protected":false},"excerpt":{"rendered":"<p>Desde que regres\u00e9 a mi realidad (de eso har\u00e1n ya seis meses) he pensado insistentemente en mi condici\u00f3n de autor marginal. El t\u00e9rmino marginal no tiene ninguna connotaci\u00f3n peyorativa para m\u00ed, pues considero saludable mantenerme al margen del r\u00edo de mierda que se arrastra diariamente&#8230;<\/p>\n","protected":false},"author":2,"featured_media":348762,"comment_status":"open","ping_status":"open","sticky":false,"template":"","format":"standard","meta":{"footnotes":""},"categories":[68,85],"tags":[97],"class_list":["post-348761","post","type-post","status-publish","format-standard","has-post-thumbnail","hentry","category-comix","category-comix-strip","tag-humor-simplon"],"_links":{"self":[{"href":"https:\/\/bubacomix.net\/index.php?rest_route=\/wp\/v2\/posts\/348761","targetHints":{"allow":["GET"]}}],"collection":[{"href":"https:\/\/bubacomix.net\/index.php?rest_route=\/wp\/v2\/posts"}],"about":[{"href":"https:\/\/bubacomix.net\/index.php?rest_route=\/wp\/v2\/types\/post"}],"author":[{"embeddable":true,"href":"https:\/\/bubacomix.net\/index.php?rest_route=\/wp\/v2\/users\/2"}],"replies":[{"embeddable":true,"href":"https:\/\/bubacomix.net\/index.php?rest_route=%2Fwp%2Fv2%2Fcomments&post=348761"}],"version-history":[{"count":5,"href":"https:\/\/bubacomix.net\/index.php?rest_route=\/wp\/v2\/posts\/348761\/revisions"}],"predecessor-version":[{"id":348770,"href":"https:\/\/bubacomix.net\/index.php?rest_route=\/wp\/v2\/posts\/348761\/revisions\/348770"}],"wp:featuredmedia":[{"embeddable":true,"href":"https:\/\/bubacomix.net\/index.php?rest_route=\/wp\/v2\/media\/348762"}],"wp:attachment":[{"href":"https:\/\/bubacomix.net\/index.php?rest_route=%2Fwp%2Fv2%2Fmedia&parent=348761"}],"wp:term":[{"taxonomy":"category","embeddable":true,"href":"https:\/\/bubacomix.net\/index.php?rest_route=%2Fwp%2Fv2%2Fcategories&post=348761"},{"taxonomy":"post_tag","embeddable":true,"href":"https:\/\/bubacomix.net\/index.php?rest_route=%2Fwp%2Fv2%2Ftags&post=348761"}],"curies":[{"name":"wp","href":"https:\/\/api.w.org\/{rel}","templated":true}]}}