{"id":348714,"date":"2016-07-19T15:48:35","date_gmt":"2016-07-19T20:48:35","guid":{"rendered":"http:\/\/bubacomix.net\/?p=348714"},"modified":"2016-07-24T12:48:03","modified_gmt":"2016-07-24T17:48:03","slug":"con-el-ojo-blindado","status":"publish","type":"post","link":"https:\/\/bubacomix.net\/?p=348714","title":{"rendered":"Con el ojo blindado"},"content":{"rendered":"<p>Me alivi\u00e9 de creer en <strong>Dios<\/strong> por ah\u00ed de los 20 a\u00f1os de mi lejana juventud, o sea que ando celebrando alrededor de 25 a\u00f1os como ateo. Utilizo el t\u00e9rmino \u201ccelebrar\u201d porque la del ate\u00edsmo fue la primer gran batalla espiritual que gan\u00e9 en la vida, aunque hay quien sostiene que <strong>El Todopoderoso<\/strong> <strong>(The Powerful One)<\/strong> me dej\u00f3 ganar y hay -incluso- un alem\u00e1n ojete que asegura que ya estaba muerto desde antes de comenzar a pelear. A la religiosa, sigui\u00f3 la victoria \u00e9tica del vegetarianismo y una batalla m\u00e1s que a\u00fan est\u00e1 en curso -espero que con saldo favorable-: la guerra contra <em><strong>el cientificismo ateo<\/strong><\/em> y sus hordas de librepensadores fan\u00e1ticos de lo cient\u00edficamente comprobado (aunque esta \u00faltima aseveraci\u00f3n no est\u00e1 cient\u00edficamente comprobada).<\/p>\n<p>Con todo y todo, la existencia simb\u00f3lica de Dios no ha perdido inter\u00e9s y me sigue pareciendo <em>todopoderosamente<\/em> estimulante. No dejo de volver de vez en cuando a ese viejo concepto, a ese enigm\u00e1tico centro de mi extinto universo emocional. No dejo de escuchar las trompetas <em>nietzscheanas<\/em> decretando su muerte ni tampoco de sorprenderme expresando -a pesar m\u00edo- cierta nostalgia por la muerte del protagonista entra\u00f1able de ese cuento de hadas para adultos que es la religi\u00f3n.<\/p>\n","protected":false},"excerpt":{"rendered":"<p>Me alivi\u00e9 de creer en Dios por ah\u00ed de los 20 a\u00f1os de mi lejana juventud, o sea que ando celebrando alrededor de 25 a\u00f1os como ateo. Utilizo el t\u00e9rmino \u201ccelebrar\u201d porque la del ate\u00edsmo fue la primer gran batalla espiritual que gan\u00e9 en la&#8230;<\/p>\n","protected":false},"author":2,"featured_media":348715,"comment_status":"open","ping_status":"open","sticky":false,"template":"","format":"standard","meta":{"footnotes":""},"categories":[68,71,322],"tags":[94,323],"class_list":["post-348714","post","type-post","status-publish","format-standard","has-post-thumbnail","hentry","category-comix","category-ilustropoesia","category-poesofia","tag-humor-laico","tag-versos-en-la-boca"],"_links":{"self":[{"href":"https:\/\/bubacomix.net\/index.php?rest_route=\/wp\/v2\/posts\/348714","targetHints":{"allow":["GET"]}}],"collection":[{"href":"https:\/\/bubacomix.net\/index.php?rest_route=\/wp\/v2\/posts"}],"about":[{"href":"https:\/\/bubacomix.net\/index.php?rest_route=\/wp\/v2\/types\/post"}],"author":[{"embeddable":true,"href":"https:\/\/bubacomix.net\/index.php?rest_route=\/wp\/v2\/users\/2"}],"replies":[{"embeddable":true,"href":"https:\/\/bubacomix.net\/index.php?rest_route=%2Fwp%2Fv2%2Fcomments&post=348714"}],"version-history":[{"count":4,"href":"https:\/\/bubacomix.net\/index.php?rest_route=\/wp\/v2\/posts\/348714\/revisions"}],"predecessor-version":[{"id":348719,"href":"https:\/\/bubacomix.net\/index.php?rest_route=\/wp\/v2\/posts\/348714\/revisions\/348719"}],"wp:featuredmedia":[{"embeddable":true,"href":"https:\/\/bubacomix.net\/index.php?rest_route=\/wp\/v2\/media\/348715"}],"wp:attachment":[{"href":"https:\/\/bubacomix.net\/index.php?rest_route=%2Fwp%2Fv2%2Fmedia&parent=348714"}],"wp:term":[{"taxonomy":"category","embeddable":true,"href":"https:\/\/bubacomix.net\/index.php?rest_route=%2Fwp%2Fv2%2Fcategories&post=348714"},{"taxonomy":"post_tag","embeddable":true,"href":"https:\/\/bubacomix.net\/index.php?rest_route=%2Fwp%2Fv2%2Ftags&post=348714"}],"curies":[{"name":"wp","href":"https:\/\/api.w.org\/{rel}","templated":true}]}}