{"id":348664,"date":"2016-07-15T00:55:40","date_gmt":"2016-07-15T00:55:40","guid":{"rendered":"http:\/\/bubacomix.net\/?p=348664"},"modified":"2016-07-15T02:02:20","modified_gmt":"2016-07-15T02:02:20","slug":"el-ego","status":"publish","type":"post","link":"https:\/\/bubacomix.net\/?p=348664","title":{"rendered":"El ego"},"content":{"rendered":"<p>La aplicaci\u00f3n del color, lo reconozco, es totalmente chapuzera. Pero ocurre lo mismo que ocurri\u00f3 con <a href=\"https:\/\/bubacomix.net\/?p=348645\">Yo fui animal del aire,<\/a> ambas historietas funcionan perfectamente bien sin necesidad de a\u00f1adir valores crom\u00e1ticos. En fin, Dios sabe por qu\u00e9 hace las cosas y uno no es nadie para cuestionarle.<\/p>\n<p>Pero vayamos al punto. El tema del ego me ha interesado sobremanera en los \u00faltimos dos o tres a\u00f1os. Yo ten\u00eda una idea err\u00f3nea al respecto, pues sol\u00eda confundir al ego con soberbia, autosuficiencia o vanidad y lo cierto es que no tienen nada qu\u00e9 ver.<br \/>\nSi se conoce el significado correcto del concepto \u201cego\u201d, los versos no s\u00f3lo tienen sentido sino que resultan hasta brillantes (con perd\u00f3n de la modestia). Si no, pues no.<\/p>\n<p><a href=\"https:\/\/bubacomix.net\/wp-content\/uploads\/2016\/01\/El-Ego-GOEB.jpg\"><img loading=\"lazy\" decoding=\"async\" class=\"alignnone size-large wp-image-3308\" src=\"https:\/\/bubacomix.net\/wp-content\/uploads\/2016\/01\/El-Ego-GOEB-1024x707.jpg\" alt=\"El Ego\" width=\"1024\" height=\"707\" srcset=\"https:\/\/bubacomix.net\/wp-content\/uploads\/2016\/01\/El-Ego-GOEB-1024x707.jpg 1024w, https:\/\/bubacomix.net\/wp-content\/uploads\/2016\/01\/El-Ego-GOEB-300x207.jpg 300w, https:\/\/bubacomix.net\/wp-content\/uploads\/2016\/01\/El-Ego-GOEB-768x530.jpg 768w, https:\/\/bubacomix.net\/wp-content\/uploads\/2016\/01\/El-Ego-GOEB-600x414.jpg 600w, https:\/\/bubacomix.net\/wp-content\/uploads\/2016\/01\/El-Ego-GOEB.jpg 1303w\" sizes=\"auto, (max-width: 1024px) 100vw, 1024px\" \/><\/a><\/p>\n","protected":false},"excerpt":{"rendered":"<p>La aplicaci\u00f3n del color, lo reconozco, es totalmente chapuzera. Pero ocurre lo mismo que ocurri\u00f3 con Yo fui animal del aire, ambas historietas funcionan perfectamente bien sin necesidad de a\u00f1adir valores crom\u00e1ticos. En fin, Dios sabe por qu\u00e9 hace las cosas y uno no es&#8230;<\/p>\n","protected":false},"author":2,"featured_media":348665,"comment_status":"open","ping_status":"open","sticky":false,"template":"","format":"standard","meta":{"footnotes":""},"categories":[68,67],"tags":[88,74],"class_list":["post-348664","post","type-post","status-publish","format-standard","has-post-thumbnail","hentry","category-comix","category-media-plana","tag-poesofia","tag-versos"],"_links":{"self":[{"href":"https:\/\/bubacomix.net\/index.php?rest_route=\/wp\/v2\/posts\/348664","targetHints":{"allow":["GET"]}}],"collection":[{"href":"https:\/\/bubacomix.net\/index.php?rest_route=\/wp\/v2\/posts"}],"about":[{"href":"https:\/\/bubacomix.net\/index.php?rest_route=\/wp\/v2\/types\/post"}],"author":[{"embeddable":true,"href":"https:\/\/bubacomix.net\/index.php?rest_route=\/wp\/v2\/users\/2"}],"replies":[{"embeddable":true,"href":"https:\/\/bubacomix.net\/index.php?rest_route=%2Fwp%2Fv2%2Fcomments&post=348664"}],"version-history":[{"count":3,"href":"https:\/\/bubacomix.net\/index.php?rest_route=\/wp\/v2\/posts\/348664\/revisions"}],"predecessor-version":[{"id":348674,"href":"https:\/\/bubacomix.net\/index.php?rest_route=\/wp\/v2\/posts\/348664\/revisions\/348674"}],"wp:featuredmedia":[{"embeddable":true,"href":"https:\/\/bubacomix.net\/index.php?rest_route=\/wp\/v2\/media\/348665"}],"wp:attachment":[{"href":"https:\/\/bubacomix.net\/index.php?rest_route=%2Fwp%2Fv2%2Fmedia&parent=348664"}],"wp:term":[{"taxonomy":"category","embeddable":true,"href":"https:\/\/bubacomix.net\/index.php?rest_route=%2Fwp%2Fv2%2Fcategories&post=348664"},{"taxonomy":"post_tag","embeddable":true,"href":"https:\/\/bubacomix.net\/index.php?rest_route=%2Fwp%2Fv2%2Ftags&post=348664"}],"curies":[{"name":"wp","href":"https:\/\/api.w.org\/{rel}","templated":true}]}}