{"id":348645,"date":"2016-07-14T02:29:15","date_gmt":"2016-07-14T02:29:15","guid":{"rendered":"http:\/\/bubacomix.net\/?p=348645"},"modified":"2016-07-15T00:44:02","modified_gmt":"2016-07-15T00:44:02","slug":"yo-fui-animal-del-aire-2","status":"publish","type":"post","link":"https:\/\/bubacomix.net\/?p=348645","title":{"rendered":"Yo fui animal del aire"},"content":{"rendered":"<p>Con esta historieta (en su versi\u00f3n en blanco y negro) qued\u00f3 inaugurada la primera versi\u00f3n de este blog y -tan me parece digna de semejante honor- que ahora lo reinauguro con la nueva versi\u00f3n.<br \/>\nEl verso me gusta y llega hasta lo m\u00e1s profundo de mi cursiler\u00eda. El dibujo me parece harto solvente y de la aplicaci\u00f3n del color s\u00f3lo puedo decir que me cost\u00f3 mucho trabajo porque era innecesario. La historieta original estaba muy bien planteada con sus elegantes tonos grises y el color ven\u00eda sobrando. Sin embargo, la decisi\u00f3n de rehacer todas las tiras ya estaba tomada por mi editor (que soy yo mismo) y al dibujante (que casualmente tambi\u00e9n soy yo mismo) no le qued\u00f3 de otra que acatar la orden superior.<\/p>\n<p>Abajo puedes ver la versi\u00f3n original y decir si miento como mienten todos los boleros o hablo con la pura verdad.<\/p>\n<p><a href=\"https:\/\/bubacomix.net\/wp-content\/uploads\/2016\/01\/Yo-fui-animal-del-aire-GOEB.jpg\"><img loading=\"lazy\" decoding=\"async\" class=\"alignnone size-large wp-image-3541\" src=\"https:\/\/bubacomix.net\/wp-content\/uploads\/2016\/01\/Yo-fui-animal-del-aire-GOEB-1024x688.jpg\" alt=\"Yo fui animal del aire\" width=\"1024\" height=\"688\" srcset=\"https:\/\/bubacomix.net\/wp-content\/uploads\/2016\/01\/Yo-fui-animal-del-aire-GOEB-1024x688.jpg 1024w, https:\/\/bubacomix.net\/wp-content\/uploads\/2016\/01\/Yo-fui-animal-del-aire-GOEB-300x201.jpg 300w, https:\/\/bubacomix.net\/wp-content\/uploads\/2016\/01\/Yo-fui-animal-del-aire-GOEB-768x516.jpg 768w, https:\/\/bubacomix.net\/wp-content\/uploads\/2016\/01\/Yo-fui-animal-del-aire-GOEB-600x403.jpg 600w, https:\/\/bubacomix.net\/wp-content\/uploads\/2016\/01\/Yo-fui-animal-del-aire-GOEB.jpg 1340w\" sizes=\"auto, (max-width: 1024px) 100vw, 1024px\" \/><\/a><\/p>\n","protected":false},"excerpt":{"rendered":"<p>Con esta historieta (en su versi\u00f3n en blanco y negro) qued\u00f3 inaugurada la primera versi\u00f3n de este blog y -tan me parece digna de semejante honor- que ahora lo reinauguro con la nueva versi\u00f3n. El verso me gusta y llega hasta lo m\u00e1s profundo de&#8230;<\/p>\n","protected":false},"author":2,"featured_media":348646,"comment_status":"open","ping_status":"open","sticky":false,"template":"","format":"standard","meta":{"footnotes":""},"categories":[68,67,318],"tags":[86,74],"class_list":["post-348645","post","type-post","status-publish","format-standard","has-post-thumbnail","hentry","category-comix","category-media-plana","category-technicolor","tag-mal-de-amores","tag-versos"],"_links":{"self":[{"href":"https:\/\/bubacomix.net\/index.php?rest_route=\/wp\/v2\/posts\/348645","targetHints":{"allow":["GET"]}}],"collection":[{"href":"https:\/\/bubacomix.net\/index.php?rest_route=\/wp\/v2\/posts"}],"about":[{"href":"https:\/\/bubacomix.net\/index.php?rest_route=\/wp\/v2\/types\/post"}],"author":[{"embeddable":true,"href":"https:\/\/bubacomix.net\/index.php?rest_route=\/wp\/v2\/users\/2"}],"replies":[{"embeddable":true,"href":"https:\/\/bubacomix.net\/index.php?rest_route=%2Fwp%2Fv2%2Fcomments&post=348645"}],"version-history":[{"count":4,"href":"https:\/\/bubacomix.net\/index.php?rest_route=\/wp\/v2\/posts\/348645\/revisions"}],"predecessor-version":[{"id":348663,"href":"https:\/\/bubacomix.net\/index.php?rest_route=\/wp\/v2\/posts\/348645\/revisions\/348663"}],"wp:featuredmedia":[{"embeddable":true,"href":"https:\/\/bubacomix.net\/index.php?rest_route=\/wp\/v2\/media\/348646"}],"wp:attachment":[{"href":"https:\/\/bubacomix.net\/index.php?rest_route=%2Fwp%2Fv2%2Fmedia&parent=348645"}],"wp:term":[{"taxonomy":"category","embeddable":true,"href":"https:\/\/bubacomix.net\/index.php?rest_route=%2Fwp%2Fv2%2Fcategories&post=348645"},{"taxonomy":"post_tag","embeddable":true,"href":"https:\/\/bubacomix.net\/index.php?rest_route=%2Fwp%2Fv2%2Ftags&post=348645"}],"curies":[{"name":"wp","href":"https:\/\/api.w.org\/{rel}","templated":true}]}}